{"id":933,"date":"2014-12-23T18:03:00","date_gmt":"2014-12-23T18:03:00","guid":{"rendered":""},"modified":"2020-04-25T11:57:19","modified_gmt":"2020-04-25T11:57:19","slug":"por-que-cambian-de-color-o-tono-los","status":"publish","type":"post","link":"https:\/\/expertosenparquet.com\/w\/2014\/12\/por-que-cambian-de-color-o-tono-los.html","title":{"rendered":"Por qu\u00e9 cambian de color o tono los suelos de parquet o tarima maciza. En qu\u00e9 consiste la fotodegradaci\u00f3n de la madera."},"content":{"rendered":"\t\t<div data-elementor-type=\"wp-post\" data-elementor-id=\"933\" class=\"elementor elementor-933\">\n\t\t\t\t\t\t<section class=\"elementor-section elementor-top-section elementor-element elementor-element-c54f5a4 elementor-section-boxed elementor-section-height-default elementor-section-height-default\" data-id=\"c54f5a4\" data-element_type=\"section\" data-e-type=\"section\">\n\t\t\t\t\t\t<div class=\"elementor-container elementor-column-gap-default\">\n\t\t\t\t\t<div class=\"elementor-column elementor-col-100 elementor-top-column elementor-element elementor-element-61276880\" data-id=\"61276880\" data-element_type=\"column\" data-e-type=\"column\">\n\t\t\t<div class=\"elementor-widget-wrap elementor-element-populated\">\n\t\t\t\t\t\t<div class=\"elementor-element elementor-element-514e8378 elementor-widget elementor-widget-text-editor\" data-id=\"514e8378\" data-element_type=\"widget\" data-e-type=\"widget\" data-widget_type=\"text-editor.default\">\n\t\t\t\t<div class=\"elementor-widget-container\">\n\t\t\t\t\t\t\t\t\t<table class=\"tr-caption-container\" style=\"margin-left: auto; margin-right: auto; text-align: center;\" cellspacing=\"0\" cellpadding=\"0\" align=\"center\">\n<tbody>\n<tr>\n<td style=\"text-align: center;\"><a style=\"margin-left: auto; margin-right: auto;\" href=\"https:\/\/i0.wp.com\/expertosenparquet.com\/w\/wp-content\/uploads\/2014\/12\/WP_20140609_0042B5BOriginal2BResolution5D.jpg?ssl=1\"><img fetchpriority=\"high\" decoding=\"async\" data-recalc-dims=\"1\" src=\"https:\/\/i0.wp.com\/expertosenparquet.com\/w\/wp-content\/uploads\/2014\/12\/WP_20140609_0042B5BOriginal2BResolution5D.jpg?resize=400%2C225&#038;ssl=1\" width=\"400\" height=\"225\" border=\"0\"><\/a><\/td>\n<\/tr>\n<tr>\n<td class=\"tr-caption\" style=\"text-align: center;\">Zona m\u00e1s clara en la que hab\u00eda colocado un mueble<\/td>\n<\/tr>\n<\/tbody>\n<\/table>\n<div style=\"text-align: justify;\"><span style=\"font-family: Verdana, sans-serif;\">&nbsp;<\/span><\/div>\n<div style=\"text-align: justify;\"><span style=\"font-family: Verdana, sans-serif;\">Es muy com\u00fan encontrarnos al levantar una alfombra o mover un mueble tras cierto tiempo, que la zona tapada tiene un tono m\u00e1s claro que el resto que ha estado sin tapar. Tambi\u00e9n es muy normal como, al hacer una ampliaci\u00f3n o reparar una zona en una vivienda cuyo pavimento de madera lleva instalado algunos a\u00f1os, tenemos que el suelo nuevo es ligeramente m\u00e1s claro que el existente.<\/span><\/div>\n<div style=\"text-align: justify;\"><span style=\"font-family: Verdana, sans-serif;\"><br>\n\u00bfNos est\u00e1n enga\u00f1ando? \u00bfEs diferente madera? \u00bfSer\u00e1 de peor calidad? Todas estas cuestiones nos asaltan y, la respuesta por parte de nuestro gremio es siempre la misma: es perfectamente normal.<\/span><\/div>\n<div style=\"text-align: justify;\"><span style=\"font-family: Verdana, sans-serif;\"><br>\nLa respuesta a estas y otras preguntas, sobre la <b>variaci\u00f3n de tono \/ color de una madera<\/b> tapada o incluso, una reci\u00e9n instalada con respecto a otra que lo lleva bastante tiempo, est\u00e1 en un fen\u00f3meno natural que sufre la madera y tambi\u00e9n, como no, nuestros queridos suelos de parquet y tarima. Este proceso se llama \u00ab<b>fotodegradaci\u00f3n de la madera<\/b>\u00ab.<\/span><br><\/div><p><br><\/p>\n<div class=\"separator\" style=\"clear: both; text-align: left;\"><\/div>\n<div>\n<div data-blogger-escaped-style=\"text-align: justify;\">\n<p><span style=\"font-family: 'verdana' , sans-serif;\" data-blogger-escaped-style=\"font-family: Verdana, sans-serif;\"><b>\u00bfEN QU\u00c9 CONSISTE LA FOTODEGRADACI\u00d3N DE LA MADERA DE LOS SUELOS DE PARQUETS Y TARIMAS MACIZAS?<\/b><\/span><\/p><\/div><div data-blogger-escaped-style=\"text-align: justify;\"><p><span style=\"font-family: 'verdana' , sans-serif;\" data-blogger-escaped-style=\"font-family: Verdana, sans-serif;\">Al igual que nuestra piel envejece por la acci\u00f3n de Sol, nuestra madera se ve afectada de manera parecida a trav\u00e9s de la&nbsp;<b>acci\u00f3n directa o indirecta de la radiaci\u00f3n solar<\/b>. Dicha radiaci\u00f3n incide en las c\u00e9lulas de las capas superficiales,&nbsp;<span data-blogger-escaped-style=\"background-color: rgba(255, 255, 255, 0.701961); line-height: 25.7599983215332px; text-align: justify;\">provocando la degradaci\u00f3n paulatina de las&nbsp;<\/span><b data-blogger-escaped-style=\"background-color: rgba(255, 255, 255, 0.701961); line-height: 25.7599983215332px; text-align: justify;\">ligninas<\/b><span data-blogger-escaped-style=\"background-color: rgba(255, 255, 255, 0.701961); line-height: 25.7599983215332px; text-align: justify;\">&nbsp;(pol\u00edmero de las paredes celulares de la madera) haciendo, generalmente, que las maderas m\u00e1s claras se tornen m\u00e1s oscuras y viceversa.<\/span><\/span><\/p><\/div><div data-blogger-escaped-style=\"text-align: justify;\"><p><span style=\"font-family: 'verdana' , sans-serif;\" data-blogger-escaped-style=\"font-family: Verdana, sans-serif;\"><span data-blogger-escaped-style=\"background-color: rgba(255, 255, 255, 0.701961); line-height: 25.7599983215332px;\">Es as\u00ed como, el suelo que est\u00e1 tapado, parecer\u00e1 siempre m\u00e1s claro que el que est\u00e1 al descubierto. De la misma forma, cuando realizamos una reparaci\u00f3n o ampliaci\u00f3n, la madera que se coloca, al no haber estado expuesta a la luz, estar\u00e1 m\u00e1s clara que la existente.<\/span><\/span><\/p>\n<\/div>\n<div data-blogger-escaped-style=\"text-align: justify;\">\n<table class=\"tr-caption-container\" cellspacing=\"0\" cellpadding=\"0\" align=\"center\" data-blogger-escaped-style=\"margin-left: auto; margin-right: auto; text-align: center;\">\n<tbody>\n<tr>\n<td data-blogger-escaped-style=\"text-align: center;\">\n<p style=\"text-align: center;\"><span style=\"font-size: 10pt;\"><a href=\"https:\/\/i0.wp.com\/4.bp.blogspot.com\/-gAF5Hws8vyE\/VJmilkrNzzI\/AAAAAAAABhE\/uF5uK5Me2_A\/s1600\/altAgJW2-K35PMRdsk27cT5Qk-PCFcW8XWug6ustOMzdfcj.jpg\" data-blogger-escaped-style=\"margin-left: auto; margin-right: auto;\"><img decoding=\"async\" data-recalc-dims=\"1\" class=\"aligncenter\" src=\"https:\/\/i0.wp.com\/4.bp.blogspot.com\/-gAF5Hws8vyE\/VJmilkrNzzI\/AAAAAAAABhE\/uF5uK5Me2_A\/s1600\/altAgJW2-K35PMRdsk27cT5Qk-PCFcW8XWug6ustOMzdfcj.jpg?resize=240%2C320&#038;ssl=1\" width=\"240\" height=\"320\" border=\"0\"><\/a><\/span><\/p>\n<\/td>\n<\/tr>\n<tr>\n<td class=\"tr-caption\" data-blogger-escaped-style=\"text-align: center;\">\n<p style=\"text-align: center;\"><span style=\"font-size: 10pt;\">Peque\u00f1as reposiciones antes de lijar la superficie<\/span><\/p>\n<\/td>\n<\/tr>\n<\/tbody>\n<\/table>\n<p><span style=\"font-family: 'verdana' , sans-serif;\" data-blogger-escaped-style=\"font-family: Verdana, sans-serif;\"><span data-blogger-escaped-style=\"background-color: rgba(255, 255, 255, 0.701961); line-height: 25.7599983215332px;\">Todo esto constituye un fen\u00f3meno natural pero, siempre debemos evitar, en la medida de lo posible, la exposici\u00f3n directa y prolongada de los rayos solares sobre el pavimento ya que, puede afectar negativamente a su tratamiento superficial (barnizado o aceitado), debilit\u00e1ndolo y, haciendo que la madera quede expuesta a la suciedad, la humedad y otros agentes pat\u00f3genos externos, tornando con el tiempo en un&nbsp;<b>color gris\u00e1ceo<\/b>&nbsp;caracter\u00edstico del desgaste de dicha capa. Para evitarlo, es altamente aconsejable el uso de cortinas, persinas, toldos exteriores&#8230;etc.<\/span><\/span><\/p>\n<\/div>\n<div data-blogger-escaped-style=\"text-align: center;\"><\/div>\n<div data-blogger-escaped-style=\"text-align: center;\"><\/div>\n<\/div>\n<div style=\"text-align: center;\"><\/div>\t\t\t\t\t\t\t\t<\/div>\n\t\t\t\t<\/div>\n\t\t\t\t\t<\/div>\n\t\t<\/div>\n\t\t\t\t\t<\/div>\n\t\t<\/section>\n\t\t\t\t<\/div>\n\t\t","protected":false},"excerpt":{"rendered":"<p>Zona m\u00e1s clara en la que hab\u00eda colocado un mueble &nbsp; Es muy com\u00fan encontrarnos al levantar una alfombra o mover un mueble tras cierto tiempo, que la zona tapada tiene un tono m\u00e1s claro que el resto que ha estado sin tapar. Tambi\u00e9n es muy normal como, al hacer una ampliaci\u00f3n o reparar una &hellip; <\/p>\n<p class=\"link-more\"><a href=\"https:\/\/expertosenparquet.com\/w\/2014\/12\/por-que-cambian-de-color-o-tono-los.html\" class=\"more-link\">Continuar leyendo<span class=\"screen-reader-text\"> \u00abPor qu\u00e9 cambian de color o tono los suelos de parquet o tarima maciza. En qu\u00e9 consiste la fotodegradaci\u00f3n de la madera.\u00bb<\/span><\/a><\/p>\n","protected":false},"author":1,"featured_media":0,"comment_status":"open","ping_status":"closed","sticky":false,"template":"","format":"standard","meta":{"_jetpack_memberships_contains_paid_content":false,"footnotes":""},"categories":[738,736],"tags":[431,163,432,433,434,435,74,436,437,30,438,32,33,439],"class_list":["post-933","post","type-post","status-publish","format-standard","hentry","category-parquet-multicapa-flotante","category-suelos-madera-parquet","tag-claro","tag-color","tag-distinta-problema-solucion","tag-experto","tag-fotodegradacion","tag-maciza","tag-madera","tag-oscuro","tag-oxidacion","tag-parquet","tag-respuesta","tag-suelo","tag-tarima","tag-tono"],"yoast_head":"<!-- This site is optimized with the Yoast SEO plugin v27.4 - https:\/\/yoast.com\/product\/yoast-seo-wordpress\/ -->\n<title>Por qu\u00e9 cambian de color o tono los suelos de parquet o tarima maciza. En qu\u00e9 consiste la fotodegradaci\u00f3n de la madera.<\/title>\n<meta name=\"description\" content=\"El cambio de color o tono del suelo de madera o parquet es muy t\u00edpico y ocurre con el paso del tiempo. Descubre por qu\u00e9.\" \/>\n<meta name=\"robots\" content=\"index, follow, max-snippet:-1, max-image-preview:large, max-video-preview:-1\" \/>\n<link rel=\"canonical\" href=\"https:\/\/expertosenparquet.com\/w\/2014\/12\/por-que-cambian-de-color-o-tono-los.html\" \/>\n<meta property=\"og:locale\" content=\"es_ES\" \/>\n<meta property=\"og:type\" content=\"article\" \/>\n<meta property=\"og:title\" content=\"Por qu\u00e9 cambian de color o tono los suelos de parquet o tarima maciza. En qu\u00e9 consiste la fotodegradaci\u00f3n de la madera.\" \/>\n<meta property=\"og:description\" content=\"El cambio de color o tono del suelo de madera o parquet es muy t\u00edpico y ocurre con el paso del tiempo. Descubre por qu\u00e9.\" \/>\n<meta property=\"og:url\" content=\"https:\/\/expertosenparquet.com\/w\/2014\/12\/por-que-cambian-de-color-o-tono-los.html\" \/>\n<meta property=\"og:site_name\" content=\"\u25b7Expertos En Parquet\u00ae\u2192Parquet y Tarimas en Huelva y Sevilla \u3010Acuchillados\u3011\" \/>\n<meta property=\"article:publisher\" content=\"https:\/\/www.facebook.com\/ExpertosEnParquetPagina\/\" \/>\n<meta property=\"article:published_time\" content=\"2014-12-23T18:03:00+00:00\" \/>\n<meta property=\"article:modified_time\" content=\"2020-04-25T11:57:19+00:00\" \/>\n<meta property=\"og:image\" content=\"https:\/\/expertosenparquet.com\/w\/wp-content\/uploads\/2014\/12\/WP_20140609_0042B5BOriginal2BResolution5D.jpg\" \/>\n<meta name=\"author\" content=\"Nar Mart\u00edn\" \/>\n<meta name=\"twitter:card\" content=\"summary_large_image\" \/>\n<meta name=\"twitter:label1\" content=\"Escrito por\" \/>\n\t<meta name=\"twitter:data1\" content=\"Nar Mart\u00edn\" \/>\n\t<meta name=\"twitter:label2\" content=\"Tiempo de lectura\" \/>\n\t<meta name=\"twitter:data2\" content=\"2 minutos\" \/>\n<script type=\"application\/ld+json\" class=\"yoast-schema-graph\">{\"@context\":\"https:\\\/\\\/schema.org\",\"@graph\":[{\"@type\":\"Article\",\"@id\":\"https:\\\/\\\/expertosenparquet.com\\\/w\\\/2014\\\/12\\\/por-que-cambian-de-color-o-tono-los.html#article\",\"isPartOf\":{\"@id\":\"https:\\\/\\\/expertosenparquet.com\\\/w\\\/2014\\\/12\\\/por-que-cambian-de-color-o-tono-los.html\"},\"author\":{\"name\":\"Nar Mart\u00edn\",\"@id\":\"https:\\\/\\\/expertosenparquet.com\\\/w\\\/#\\\/schema\\\/person\\\/da516a8c87eab50f106fea4a61e92115\"},\"headline\":\"Por qu\u00e9 cambian de color o tono los suelos de parquet o tarima maciza. En qu\u00e9 consiste la fotodegradaci\u00f3n de la madera.\",\"datePublished\":\"2014-12-23T18:03:00+00:00\",\"dateModified\":\"2020-04-25T11:57:19+00:00\",\"mainEntityOfPage\":{\"@id\":\"https:\\\/\\\/expertosenparquet.com\\\/w\\\/2014\\\/12\\\/por-que-cambian-de-color-o-tono-los.html\"},\"wordCount\":458,\"commentCount\":8,\"publisher\":{\"@id\":\"https:\\\/\\\/expertosenparquet.com\\\/w\\\/#organization\"},\"image\":{\"@id\":\"https:\\\/\\\/expertosenparquet.com\\\/w\\\/2014\\\/12\\\/por-que-cambian-de-color-o-tono-los.html#primaryimage\"},\"thumbnailUrl\":\"https:\\\/\\\/expertosenparquet.com\\\/w\\\/wp-content\\\/uploads\\\/2014\\\/12\\\/WP_20140609_0042B5BOriginal2BResolution5D.jpg\",\"keywords\":[\"claro\",\"color\",\"distinta. problema. soluci\u00f3n\",\"experto\",\"fotodegradaci\u00f3n\",\"maciza\",\"madera\",\"oscuro\",\"oxidaci\u00f3n\",\"parquet\",\"respuesta\",\"suelo\",\"tarima\",\"tono\"],\"articleSection\":[\"Parquet multicapa madera\",\"Suelos de madera | Parquet\"],\"inLanguage\":\"es\",\"potentialAction\":[{\"@type\":\"CommentAction\",\"name\":\"Comment\",\"target\":[\"https:\\\/\\\/expertosenparquet.com\\\/w\\\/2014\\\/12\\\/por-que-cambian-de-color-o-tono-los.html#respond\"]}]},{\"@type\":\"WebPage\",\"@id\":\"https:\\\/\\\/expertosenparquet.com\\\/w\\\/2014\\\/12\\\/por-que-cambian-de-color-o-tono-los.html\",\"url\":\"https:\\\/\\\/expertosenparquet.com\\\/w\\\/2014\\\/12\\\/por-que-cambian-de-color-o-tono-los.html\",\"name\":\"Por qu\u00e9 cambian de color o tono los suelos de parquet o tarima maciza. En qu\u00e9 consiste la fotodegradaci\u00f3n de la madera.\",\"isPartOf\":{\"@id\":\"https:\\\/\\\/expertosenparquet.com\\\/w\\\/#website\"},\"primaryImageOfPage\":{\"@id\":\"https:\\\/\\\/expertosenparquet.com\\\/w\\\/2014\\\/12\\\/por-que-cambian-de-color-o-tono-los.html#primaryimage\"},\"image\":{\"@id\":\"https:\\\/\\\/expertosenparquet.com\\\/w\\\/2014\\\/12\\\/por-que-cambian-de-color-o-tono-los.html#primaryimage\"},\"thumbnailUrl\":\"https:\\\/\\\/expertosenparquet.com\\\/w\\\/wp-content\\\/uploads\\\/2014\\\/12\\\/WP_20140609_0042B5BOriginal2BResolution5D.jpg\",\"datePublished\":\"2014-12-23T18:03:00+00:00\",\"dateModified\":\"2020-04-25T11:57:19+00:00\",\"description\":\"El cambio de color o tono del suelo de madera o parquet es muy t\u00edpico y ocurre con el paso del tiempo. Descubre por qu\u00e9.\",\"breadcrumb\":{\"@id\":\"https:\\\/\\\/expertosenparquet.com\\\/w\\\/2014\\\/12\\\/por-que-cambian-de-color-o-tono-los.html#breadcrumb\"},\"inLanguage\":\"es\",\"potentialAction\":[{\"@type\":\"ReadAction\",\"target\":[\"https:\\\/\\\/expertosenparquet.com\\\/w\\\/2014\\\/12\\\/por-que-cambian-de-color-o-tono-los.html\"]}]},{\"@type\":\"ImageObject\",\"inLanguage\":\"es\",\"@id\":\"https:\\\/\\\/expertosenparquet.com\\\/w\\\/2014\\\/12\\\/por-que-cambian-de-color-o-tono-los.html#primaryimage\",\"url\":\"https:\\\/\\\/expertosenparquet.com\\\/w\\\/wp-content\\\/uploads\\\/2014\\\/12\\\/WP_20140609_0042B5BOriginal2BResolution5D.jpg\",\"contentUrl\":\"https:\\\/\\\/expertosenparquet.com\\\/w\\\/wp-content\\\/uploads\\\/2014\\\/12\\\/WP_20140609_0042B5BOriginal2BResolution5D.jpg\"},{\"@type\":\"BreadcrumbList\",\"@id\":\"https:\\\/\\\/expertosenparquet.com\\\/w\\\/2014\\\/12\\\/por-que-cambian-de-color-o-tono-los.html#breadcrumb\",\"itemListElement\":[{\"@type\":\"ListItem\",\"position\":1,\"name\":\"Home\",\"item\":\"https:\\\/\\\/expertosenparquet.com\\\/w\\\/\"},{\"@type\":\"ListItem\",\"position\":2,\"name\":\"Por qu\u00e9 cambian de color o tono los suelos de parquet o tarima maciza. En qu\u00e9 consiste la fotodegradaci\u00f3n de la madera.\"}]},{\"@type\":\"WebSite\",\"@id\":\"https:\\\/\\\/expertosenparquet.com\\\/w\\\/#website\",\"url\":\"https:\\\/\\\/expertosenparquet.com\\\/w\\\/\",\"name\":\"\u25b7Expertos En Parquet\u00ae\u2192Parquet y Tarimas en Huelva y Sevilla \u3010Acuchillados\u3011\",\"description\":\"Empresa especializada en la venta, instalaci\u00f3n y reparaci\u00f3n de  suelos de parquet, tarimas flotantes,  laminados, vin\u00edlicos LVT, WPC, SPC y PVC, pegados, clavados o flotantes. Acuchillamos y pulimos suelos de parquet.Trabajamos las principales marcas: Finfloor, Quick-Step, Baltic Wood, Poliface, Meister, Egger, Disfloor-Top, Gold-Laminate, Nature Floors, Tauro Floor, Vallifloor en Huelva, Sevilla, Madrid, Barcelona, Ayamonte, Aljaraque, Cartaya, Lepe, Islantilla, Bollullos del Condado, La Palma del Condado, El Rompido, Punta Umbr\u00eda, El Portil, La Monacilla, Bellavista, Isla Cristina, Aracena, Jabugo, Moguer, Isla Canera, Punta del Moral, Mazag\u00f3n, Palos De La Frontera...\",\"publisher\":{\"@id\":\"https:\\\/\\\/expertosenparquet.com\\\/w\\\/#organization\"},\"potentialAction\":[{\"@type\":\"SearchAction\",\"target\":{\"@type\":\"EntryPoint\",\"urlTemplate\":\"https:\\\/\\\/expertosenparquet.com\\\/w\\\/?s={search_term_string}\"},\"query-input\":{\"@type\":\"PropertyValueSpecification\",\"valueRequired\":true,\"valueName\":\"search_term_string\"}}],\"inLanguage\":\"es\"},{\"@type\":\"Organization\",\"@id\":\"https:\\\/\\\/expertosenparquet.com\\\/w\\\/#organization\",\"name\":\"Expertos en Parquet\",\"url\":\"https:\\\/\\\/expertosenparquet.com\\\/w\\\/\",\"logo\":{\"@type\":\"ImageObject\",\"inLanguage\":\"es\",\"@id\":\"https:\\\/\\\/expertosenparquet.com\\\/w\\\/#\\\/schema\\\/logo\\\/image\\\/\",\"url\":\"https:\\\/\\\/i0.wp.com\\\/expertosenparquet.com\\\/w\\\/wp-content\\\/uploads\\\/2020\\\/03\\\/cropped-Logo-expertos-mini-fondo-1.png?fit=1363%2C250&ssl=1\",\"contentUrl\":\"https:\\\/\\\/i0.wp.com\\\/expertosenparquet.com\\\/w\\\/wp-content\\\/uploads\\\/2020\\\/03\\\/cropped-Logo-expertos-mini-fondo-1.png?fit=1363%2C250&ssl=1\",\"width\":1363,\"height\":250,\"caption\":\"Expertos en Parquet\"},\"image\":{\"@id\":\"https:\\\/\\\/expertosenparquet.com\\\/w\\\/#\\\/schema\\\/logo\\\/image\\\/\"},\"sameAs\":[\"https:\\\/\\\/www.facebook.com\\\/ExpertosEnParquetPagina\\\/\"]},{\"@type\":\"Person\",\"@id\":\"https:\\\/\\\/expertosenparquet.com\\\/w\\\/#\\\/schema\\\/person\\\/da516a8c87eab50f106fea4a61e92115\",\"name\":\"Nar Mart\u00edn\",\"image\":{\"@type\":\"ImageObject\",\"inLanguage\":\"es\",\"@id\":\"https:\\\/\\\/secure.gravatar.com\\\/avatar\\\/c9869867b925a3d8d595731f2d64e94637970f5f9e7065134c04fda1bf668833?s=96&d=mm&r=g\",\"url\":\"https:\\\/\\\/secure.gravatar.com\\\/avatar\\\/c9869867b925a3d8d595731f2d64e94637970f5f9e7065134c04fda1bf668833?s=96&d=mm&r=g\",\"contentUrl\":\"https:\\\/\\\/secure.gravatar.com\\\/avatar\\\/c9869867b925a3d8d595731f2d64e94637970f5f9e7065134c04fda1bf668833?s=96&d=mm&r=g\",\"caption\":\"Nar Mart\u00edn\"},\"description\":\"Creador y fundador de Expertos en Parquet T\u00e9cnico especialista en suelos de madera I.T. Inform\u00e1tico Asociaci\u00f3n de Profesionales del Parquet, Tarimas, Laminados y PVC de Espa\u00f1a (APP)\"}]}<\/script>\n<!-- \/ Yoast SEO plugin. -->","yoast_head_json":{"title":"Por qu\u00e9 cambian de color o tono los suelos de parquet o tarima maciza. En qu\u00e9 consiste la fotodegradaci\u00f3n de la madera.","description":"El cambio de color o tono del suelo de madera o parquet es muy t\u00edpico y ocurre con el paso del tiempo. Descubre por qu\u00e9.","robots":{"index":"index","follow":"follow","max-snippet":"max-snippet:-1","max-image-preview":"max-image-preview:large","max-video-preview":"max-video-preview:-1"},"canonical":"https:\/\/expertosenparquet.com\/w\/2014\/12\/por-que-cambian-de-color-o-tono-los.html","og_locale":"es_ES","og_type":"article","og_title":"Por qu\u00e9 cambian de color o tono los suelos de parquet o tarima maciza. En qu\u00e9 consiste la fotodegradaci\u00f3n de la madera.","og_description":"El cambio de color o tono del suelo de madera o parquet es muy t\u00edpico y ocurre con el paso del tiempo. Descubre por qu\u00e9.","og_url":"https:\/\/expertosenparquet.com\/w\/2014\/12\/por-que-cambian-de-color-o-tono-los.html","og_site_name":"\u25b7Expertos En Parquet\u00ae\u2192Parquet y Tarimas en Huelva y Sevilla \u3010Acuchillados\u3011","article_publisher":"https:\/\/www.facebook.com\/ExpertosEnParquetPagina\/","article_published_time":"2014-12-23T18:03:00+00:00","article_modified_time":"2020-04-25T11:57:19+00:00","og_image":[{"url":"https:\/\/expertosenparquet.com\/w\/wp-content\/uploads\/2014\/12\/WP_20140609_0042B5BOriginal2BResolution5D.jpg","type":"","width":"","height":""}],"author":"Nar Mart\u00edn","twitter_card":"summary_large_image","twitter_misc":{"Escrito por":"Nar Mart\u00edn","Tiempo de lectura":"2 minutos"},"schema":{"@context":"https:\/\/schema.org","@graph":[{"@type":"Article","@id":"https:\/\/expertosenparquet.com\/w\/2014\/12\/por-que-cambian-de-color-o-tono-los.html#article","isPartOf":{"@id":"https:\/\/expertosenparquet.com\/w\/2014\/12\/por-que-cambian-de-color-o-tono-los.html"},"author":{"name":"Nar Mart\u00edn","@id":"https:\/\/expertosenparquet.com\/w\/#\/schema\/person\/da516a8c87eab50f106fea4a61e92115"},"headline":"Por qu\u00e9 cambian de color o tono los suelos de parquet o tarima maciza. En qu\u00e9 consiste la fotodegradaci\u00f3n de la madera.","datePublished":"2014-12-23T18:03:00+00:00","dateModified":"2020-04-25T11:57:19+00:00","mainEntityOfPage":{"@id":"https:\/\/expertosenparquet.com\/w\/2014\/12\/por-que-cambian-de-color-o-tono-los.html"},"wordCount":458,"commentCount":8,"publisher":{"@id":"https:\/\/expertosenparquet.com\/w\/#organization"},"image":{"@id":"https:\/\/expertosenparquet.com\/w\/2014\/12\/por-que-cambian-de-color-o-tono-los.html#primaryimage"},"thumbnailUrl":"https:\/\/expertosenparquet.com\/w\/wp-content\/uploads\/2014\/12\/WP_20140609_0042B5BOriginal2BResolution5D.jpg","keywords":["claro","color","distinta. problema. soluci\u00f3n","experto","fotodegradaci\u00f3n","maciza","madera","oscuro","oxidaci\u00f3n","parquet","respuesta","suelo","tarima","tono"],"articleSection":["Parquet multicapa madera","Suelos de madera | Parquet"],"inLanguage":"es","potentialAction":[{"@type":"CommentAction","name":"Comment","target":["https:\/\/expertosenparquet.com\/w\/2014\/12\/por-que-cambian-de-color-o-tono-los.html#respond"]}]},{"@type":"WebPage","@id":"https:\/\/expertosenparquet.com\/w\/2014\/12\/por-que-cambian-de-color-o-tono-los.html","url":"https:\/\/expertosenparquet.com\/w\/2014\/12\/por-que-cambian-de-color-o-tono-los.html","name":"Por qu\u00e9 cambian de color o tono los suelos de parquet o tarima maciza. En qu\u00e9 consiste la fotodegradaci\u00f3n de la madera.","isPartOf":{"@id":"https:\/\/expertosenparquet.com\/w\/#website"},"primaryImageOfPage":{"@id":"https:\/\/expertosenparquet.com\/w\/2014\/12\/por-que-cambian-de-color-o-tono-los.html#primaryimage"},"image":{"@id":"https:\/\/expertosenparquet.com\/w\/2014\/12\/por-que-cambian-de-color-o-tono-los.html#primaryimage"},"thumbnailUrl":"https:\/\/expertosenparquet.com\/w\/wp-content\/uploads\/2014\/12\/WP_20140609_0042B5BOriginal2BResolution5D.jpg","datePublished":"2014-12-23T18:03:00+00:00","dateModified":"2020-04-25T11:57:19+00:00","description":"El cambio de color o tono del suelo de madera o parquet es muy t\u00edpico y ocurre con el paso del tiempo. Descubre por qu\u00e9.","breadcrumb":{"@id":"https:\/\/expertosenparquet.com\/w\/2014\/12\/por-que-cambian-de-color-o-tono-los.html#breadcrumb"},"inLanguage":"es","potentialAction":[{"@type":"ReadAction","target":["https:\/\/expertosenparquet.com\/w\/2014\/12\/por-que-cambian-de-color-o-tono-los.html"]}]},{"@type":"ImageObject","inLanguage":"es","@id":"https:\/\/expertosenparquet.com\/w\/2014\/12\/por-que-cambian-de-color-o-tono-los.html#primaryimage","url":"https:\/\/expertosenparquet.com\/w\/wp-content\/uploads\/2014\/12\/WP_20140609_0042B5BOriginal2BResolution5D.jpg","contentUrl":"https:\/\/expertosenparquet.com\/w\/wp-content\/uploads\/2014\/12\/WP_20140609_0042B5BOriginal2BResolution5D.jpg"},{"@type":"BreadcrumbList","@id":"https:\/\/expertosenparquet.com\/w\/2014\/12\/por-que-cambian-de-color-o-tono-los.html#breadcrumb","itemListElement":[{"@type":"ListItem","position":1,"name":"Home","item":"https:\/\/expertosenparquet.com\/w\/"},{"@type":"ListItem","position":2,"name":"Por qu\u00e9 cambian de color o tono los suelos de parquet o tarima maciza. En qu\u00e9 consiste la fotodegradaci\u00f3n de la madera."}]},{"@type":"WebSite","@id":"https:\/\/expertosenparquet.com\/w\/#website","url":"https:\/\/expertosenparquet.com\/w\/","name":"\u25b7Expertos En Parquet\u00ae\u2192Parquet y Tarimas en Huelva y Sevilla \u3010Acuchillados\u3011","description":"Empresa especializada en la venta, instalaci\u00f3n y reparaci\u00f3n de  suelos de parquet, tarimas flotantes,  laminados, vin\u00edlicos LVT, WPC, SPC y PVC, pegados, clavados o flotantes. Acuchillamos y pulimos suelos de parquet.Trabajamos las principales marcas: Finfloor, Quick-Step, Baltic Wood, Poliface, Meister, Egger, Disfloor-Top, Gold-Laminate, Nature Floors, Tauro Floor, Vallifloor en Huelva, Sevilla, Madrid, Barcelona, Ayamonte, Aljaraque, Cartaya, Lepe, Islantilla, Bollullos del Condado, La Palma del Condado, El Rompido, Punta Umbr\u00eda, El Portil, La Monacilla, Bellavista, Isla Cristina, Aracena, Jabugo, Moguer, Isla Canera, Punta del Moral, Mazag\u00f3n, Palos De La Frontera...","publisher":{"@id":"https:\/\/expertosenparquet.com\/w\/#organization"},"potentialAction":[{"@type":"SearchAction","target":{"@type":"EntryPoint","urlTemplate":"https:\/\/expertosenparquet.com\/w\/?s={search_term_string}"},"query-input":{"@type":"PropertyValueSpecification","valueRequired":true,"valueName":"search_term_string"}}],"inLanguage":"es"},{"@type":"Organization","@id":"https:\/\/expertosenparquet.com\/w\/#organization","name":"Expertos en Parquet","url":"https:\/\/expertosenparquet.com\/w\/","logo":{"@type":"ImageObject","inLanguage":"es","@id":"https:\/\/expertosenparquet.com\/w\/#\/schema\/logo\/image\/","url":"https:\/\/i0.wp.com\/expertosenparquet.com\/w\/wp-content\/uploads\/2020\/03\/cropped-Logo-expertos-mini-fondo-1.png?fit=1363%2C250&ssl=1","contentUrl":"https:\/\/i0.wp.com\/expertosenparquet.com\/w\/wp-content\/uploads\/2020\/03\/cropped-Logo-expertos-mini-fondo-1.png?fit=1363%2C250&ssl=1","width":1363,"height":250,"caption":"Expertos en Parquet"},"image":{"@id":"https:\/\/expertosenparquet.com\/w\/#\/schema\/logo\/image\/"},"sameAs":["https:\/\/www.facebook.com\/ExpertosEnParquetPagina\/"]},{"@type":"Person","@id":"https:\/\/expertosenparquet.com\/w\/#\/schema\/person\/da516a8c87eab50f106fea4a61e92115","name":"Nar Mart\u00edn","image":{"@type":"ImageObject","inLanguage":"es","@id":"https:\/\/secure.gravatar.com\/avatar\/c9869867b925a3d8d595731f2d64e94637970f5f9e7065134c04fda1bf668833?s=96&d=mm&r=g","url":"https:\/\/secure.gravatar.com\/avatar\/c9869867b925a3d8d595731f2d64e94637970f5f9e7065134c04fda1bf668833?s=96&d=mm&r=g","contentUrl":"https:\/\/secure.gravatar.com\/avatar\/c9869867b925a3d8d595731f2d64e94637970f5f9e7065134c04fda1bf668833?s=96&d=mm&r=g","caption":"Nar Mart\u00edn"},"description":"Creador y fundador de Expertos en Parquet T\u00e9cnico especialista en suelos de madera I.T. Inform\u00e1tico Asociaci\u00f3n de Profesionales del Parquet, Tarimas, Laminados y PVC de Espa\u00f1a (APP)"}]}},"jetpack_featured_media_url":"","jetpack_sharing_enabled":true,"_links":{"self":[{"href":"https:\/\/expertosenparquet.com\/w\/wp-json\/wp\/v2\/posts\/933","targetHints":{"allow":["GET"]}}],"collection":[{"href":"https:\/\/expertosenparquet.com\/w\/wp-json\/wp\/v2\/posts"}],"about":[{"href":"https:\/\/expertosenparquet.com\/w\/wp-json\/wp\/v2\/types\/post"}],"author":[{"embeddable":true,"href":"https:\/\/expertosenparquet.com\/w\/wp-json\/wp\/v2\/users\/1"}],"replies":[{"embeddable":true,"href":"https:\/\/expertosenparquet.com\/w\/wp-json\/wp\/v2\/comments?post=933"}],"version-history":[{"count":3,"href":"https:\/\/expertosenparquet.com\/w\/wp-json\/wp\/v2\/posts\/933\/revisions"}],"predecessor-version":[{"id":1478,"href":"https:\/\/expertosenparquet.com\/w\/wp-json\/wp\/v2\/posts\/933\/revisions\/1478"}],"wp:attachment":[{"href":"https:\/\/expertosenparquet.com\/w\/wp-json\/wp\/v2\/media?parent=933"}],"wp:term":[{"taxonomy":"category","embeddable":true,"href":"https:\/\/expertosenparquet.com\/w\/wp-json\/wp\/v2\/categories?post=933"},{"taxonomy":"post_tag","embeddable":true,"href":"https:\/\/expertosenparquet.com\/w\/wp-json\/wp\/v2\/tags?post=933"}],"curies":[{"name":"wp","href":"https:\/\/api.w.org\/{rel}","templated":true}]}}