{"id":537,"date":"2020-01-19T07:34:00","date_gmt":"2020-01-19T07:34:00","guid":{"rendered":""},"modified":"2020-04-25T11:57:12","modified_gmt":"2020-04-25T11:57:12","slug":"restauracion-parquet-tapado-moqueta-encima","status":"publish","type":"post","link":"https:\/\/expertosenparquet.com\/w\/2020\/01\/restauracion-parquet-tapado-moqueta-encima.html","title":{"rendered":"Restauraci\u00f3n de un suelo de parquet tapado por moqueta"},"content":{"rendered":"\t\t<div data-elementor-type=\"wp-post\" data-elementor-id=\"537\" class=\"elementor elementor-537\">\n\t\t\t\t\t\t<section class=\"elementor-section elementor-top-section elementor-element elementor-element-55ae0653 elementor-section-boxed elementor-section-height-default elementor-section-height-default\" data-id=\"55ae0653\" data-element_type=\"section\" data-e-type=\"section\">\n\t\t\t\t\t\t<div class=\"elementor-container elementor-column-gap-default\">\n\t\t\t\t\t<div class=\"elementor-column elementor-col-100 elementor-top-column elementor-element elementor-element-7f6fef7e\" data-id=\"7f6fef7e\" data-element_type=\"column\" data-e-type=\"column\">\n\t\t\t<div class=\"elementor-widget-wrap elementor-element-populated\">\n\t\t\t\t\t\t<div class=\"elementor-element elementor-element-11ece185 elementor-widget elementor-widget-text-editor\" data-id=\"11ece185\" data-element_type=\"widget\" data-e-type=\"widget\" data-widget_type=\"text-editor.default\">\n\t\t\t\t<div class=\"elementor-widget-container\">\n\t\t\t\t\t\t\t\t\t<div class=\"separator\" style=\"clear: both; text-align: center;\"><span style=\"color: #000000;\"><a style=\"margin-left: 1em; margin-right: 1em; color: #000000;\" href=\"https:\/\/i0.wp.com\/1.bp.blogspot.com\/-dLCd6KQAwoY\/XiQEAFH48II\/AAAAAAAAFek\/7q8IkBb0Rp4Ag-nWPCMJ2zopLxDKKuZmQCLcBGAsYHQ\/s1600\/moqueta%2Bpegada%2Bsobre%2Bsuelo%2Bde%2Bparquet.jpg?ssl=1\"><img fetchpriority=\"high\" decoding=\"async\" data-recalc-dims=\"1\" src=\"https:\/\/i0.wp.com\/expertosenparquet.com\/w\/wp-content\/uploads\/2020\/01\/moqueta2Bpegada2Bsobre2Bsuelo2Bde2Bparquet.jpg?resize=400%2C225&#038;ssl=1\" width=\"400\" height=\"225\" border=\"0\" data-original-height=\"450\" data-original-width=\"800\" \/><\/a><\/span><br \/><br \/><\/div><div style=\"text-align: justify;\"><span style=\"color: #000000;\">En esta ocasi\u00f3n, emprendemos el camino inverso al que desafortunadamente, se est\u00e1 llevando a cabo actualmente con los suelos de madera, y que consiste en taparlo con otro tipo de material; una aberraci\u00f3n.<\/span><\/div><div style=\"text-align: justify;\">\u00a0<\/div><div style=\"text-align: justify;\"><span style=\"color: #000000;\">Nos encontramos una habitaci\u00f3n con un lamparquet de eucalipto rojo de cincuenta a\u00f1os de antig\u00fcedad el cual, hace unos veinticinco a\u00f1os y tras eliminar un armario empotrado, se opt\u00f3 por tapar moqueta, sin suplementar previamente el hueco que dejo en el suelo de madera el propio armario&#8230;<\/span><\/div><div class=\"separator\" style=\"clear: both; text-align: center;\">\u00a0<\/div><div class=\"separator\" style=\"clear: both; text-align: center;\"><span style=\"color: #000000;\"><a style=\"margin-left: 1em; margin-right: 1em; color: #000000;\" href=\"https:\/\/i0.wp.com\/1.bp.blogspot.com\/-Icn755mEGUQ\/XiQELZavfYI\/AAAAAAAAFeo\/hkpIpib4k9YpuEL94cmoc8_KFp4f_MO-gCLcBGAsYHQ\/s1600\/WhatsApp%2BImage%2B2019-12-07%2Bat%2B09.58.37%2B%25281%2529%2B%255B800x600%255D.jpg?ssl=1\"><img decoding=\"async\" data-recalc-dims=\"1\" src=\"https:\/\/i0.wp.com\/expertosenparquet.com\/w\/wp-content\/uploads\/2020\/01\/WhatsApp2BImage2B2019-12-072Bat2B09.58.372B2528125292B255B800x600255D.jpg?resize=400%2C225&#038;ssl=1\" width=\"400\" height=\"225\" border=\"0\" data-original-height=\"450\" data-original-width=\"800\" \/><\/a><\/span><\/div><div class=\"separator\" style=\"clear: both; text-align: center;\"><span style=\"color: #000000;\"><a style=\"margin-left: 1em; margin-right: 1em; color: #000000;\" href=\"https:\/\/i0.wp.com\/1.bp.blogspot.com\/-GT3WVjy-twI\/XiQELbpnOOI\/AAAAAAAAFew\/Z9VmggARFLEyjRxmQswJJhS8dLHPxTS_ACLcBGAsYHQ\/s1600\/IMG_1877%2B%255B800x600%255D.jpg?ssl=1\"><img decoding=\"async\" data-recalc-dims=\"1\" src=\"https:\/\/i0.wp.com\/expertosenparquet.com\/w\/wp-content\/uploads\/2020\/01\/IMG_18772B255B800x600255D.jpg?resize=400%2C300&#038;ssl=1\" width=\"400\" height=\"300\" border=\"0\" data-original-height=\"600\" data-original-width=\"800\" \/><\/a><\/span><\/div><div class=\"separator\" style=\"clear: both; text-align: center;\"><span style=\"color: #000000;\"><a style=\"margin-left: 1em; margin-right: 1em; color: #000000;\" href=\"https:\/\/i0.wp.com\/1.bp.blogspot.com\/-mQKNiHl2hMY\/XiQELX7X5II\/AAAAAAAAFes\/glk3v2alGoE_Wu0LFSxHKEJBUa10uNMuACLcBGAsYHQ\/s1600\/WhatsApp%2BImage%2B2019-12-07%2Bat%2B09.58.37%2B%25282%2529%2B%255B800x600%255D.jpg?ssl=1\"><img loading=\"lazy\" decoding=\"async\" data-recalc-dims=\"1\" src=\"https:\/\/i0.wp.com\/expertosenparquet.com\/w\/wp-content\/uploads\/2020\/01\/WhatsApp2BImage2B2019-12-072Bat2B09.58.372B2528225292B255B800x600255D.jpg?resize=400%2C225&#038;ssl=1\" width=\"400\" height=\"225\" border=\"0\" data-original-height=\"450\" data-original-width=\"800\" \/><\/a><\/span><br \/><br \/><\/div><div style=\"text-align: justify;\"><span style=\"color: #000000;\">Al arrancar moqueta no sab\u00edamos que nos \u00edbamos a encontrar, pues podr\u00eda hacer zonas con humedad, despegadas&#8230;etc. Era todo un misterio pero, tras retirarla nos encontramos con el t\u00edpico adhesivo adherido a la superficie y con la esperanza de poder volver a recuperar este magn\u00edfico suelo.<\/span><\/div><div style=\"text-align: justify;\"><span style=\"color: #000000;\">Lo primero que hicimos es limpiar el hueco a reponer, retirando restos de adhesivos. Evidentemente, aunque muchos se empe\u00f1en en decir que muchas de las especies con la que se fabrica el parquet ya no existen, \u00e9ste se sigue fabricando y se puede conseguir. Lo \u00fanico que var\u00eda un poco el tono con respecto al existente sobretodo por la longevidad y <a style=\"color: #000000;\" href=\"https:\/\/expertosenparquet.com\/w\/2014\/12\/por-que-cambian-de-color-o-tono-los.html\" target=\"_blank\" rel=\"noopener noreferrer\"><b>el proceso de fotodegradaci\u00f3n<\/b><\/a> de este \u00faltimo<\/span><\/div><div style=\"text-align: justify;\">\u00a0<\/div><div class=\"separator\" style=\"clear: both; text-align: center;\"><span style=\"color: #000000;\"><a style=\"margin-left: 1em; margin-right: 1em; color: #000000;\" href=\"https:\/\/i0.wp.com\/1.bp.blogspot.com\/-mAZ6gUJ57R4\/XiQEMVP_h8I\/AAAAAAAAFe8\/tmw3lzzE1J4nrVhzYG1NzMPiXiUPFlgTACEwYBhgL\/s1600\/lijar-suelo-parquet-eucalipto-rojo.huelva-sevilla.jpg?ssl=1\"><img loading=\"lazy\" decoding=\"async\" data-recalc-dims=\"1\" src=\"https:\/\/i0.wp.com\/expertosenparquet.com\/w\/wp-content\/uploads\/2020\/01\/lijar-suelo-parquet-eucalipto-rojo.huelva-sevilla.jpg?resize=320%2C245&#038;ssl=1\" width=\"320\" height=\"245\" border=\"0\" data-original-height=\"1134\" data-original-width=\"1476\" \/><\/a><\/span><\/div><div style=\"text-align: justify;\">\u00a0<\/div><div style=\"text-align: justify;\"><span style=\"color: #000000;\">Tras retirar toda la cola con lijas viejas, procedemos con el <b><a style=\"color: #000000;\" href=\"http:\/\/www.asociacionprofesionalesparquet.com\/curso-pst-lagler-en-alemania-en-busca-del-lijado-perfecto\/\" target=\"_blank\" rel=\"noopener noreferrer\">sistema PST &#8211; lijado premium de L\u00e4gler<\/a><\/b>, perfeccionado tras nuestro viaje a Alemania con nuestros colegas de la <a style=\"color: #000000;\" href=\"http:\/\/www.asociacionprofesionalesparquet.com\/\" target=\"_blank\" rel=\"noopener noreferrer\">APP<\/a>.<\/span><\/div><div style=\"text-align: justify;\">\u00a0<\/div><div style=\"text-align: justify;\"><span style=\"color: #000000;\">Finalizamos puliendo posibles rayas con nuestra pulidora <b>Planet de Deva.<\/b><\/span><\/div><div style=\"text-align: justify;\"><span style=\"color: #000000; font-size: 1rem;\">\u00a0<\/span><\/div><div style=\"text-align: justify;\">\u00a0<\/div><div class=\"separator\" style=\"clear: both; text-align: center;\"><span style=\"color: #000000;\"><a style=\"margin-left: 1em; margin-right: 1em; color: #000000;\" href=\"https:\/\/i0.wp.com\/1.bp.blogspot.com\/-aWVIdT92B2A\/XiQEM7aT1GI\/AAAAAAAAFfE\/6ONZZPSiVIAla7IgHJnwmuK4wt1wqHj6gCEwYBhgL\/s1600\/pulir-suelo-parquet-huelva-sevilla-madera.jpg?ssl=1\"><img loading=\"lazy\" decoding=\"async\" data-recalc-dims=\"1\" src=\"https:\/\/i0.wp.com\/expertosenparquet.com\/w\/wp-content\/uploads\/2020\/01\/pulir-suelo-parquet-huelva-sevilla-madera.jpg?resize=320%2C240&#038;ssl=1\" width=\"320\" height=\"240\" border=\"0\" data-original-height=\"1200\" data-original-width=\"1600\" \/><\/a><\/span><\/div><div style=\"text-align: justify;\">\u00a0<\/div><div style=\"text-align: justify;\"><span style=\"color: #000000;\">Acabamos con <b><a style=\"color: #000000;\" href=\"https:\/\/www.expertosenparquet.com\/tienda\/es\/barnices-suelos-parquet\/41-72-barniz-parquet-al-agua-aquadeva-transit-plus.html#\/41-brillo_transit-supermate\" target=\"_blank\" rel=\"noopener noreferrer\">barniz de poliuretano al agua de alto tr\u00e1nsito de Quide Deva, Transit Plus<\/a><\/b>.<\/span><\/div><div style=\"text-align: justify;\">\u00a0<\/div><div style=\"text-align: justify;\"><span style=\"color: #000000;\">El cliente incr\u00e9dulo nos felicit\u00f3 por un trabajo que cre\u00eda imposible y nosotros totalmente satisfechos de hacer rescatado un viejo suelo de parquet y convertirlo en un aut\u00e9ntico \u00abcisne\u00bb. Os dejamos con algunas fotos m\u00e1s. \u00a1Hasta la pr\u00f3xima!<\/span><\/div><div>\u00a0<\/div><p>\u00a0<\/p><div class=\"separator\" style=\"clear: both; text-align: center;\"><span style=\"color: #000000;\"><a style=\"margin-left: 1em; margin-right: 1em; color: #000000;\" href=\"https:\/\/i0.wp.com\/1.bp.blogspot.com\/-f5k3lUrxFt8\/XiQEL1Io3-I\/AAAAAAAAFfQ\/Q7dNIdAEiFogrwcWGNq0TrYbOiGTBaTCwCEwYBhgL\/s1600\/expertos-en-parquet-mejores-instaladores-empresa-huelva.jpg?ssl=1\"><img loading=\"lazy\" decoding=\"async\" data-recalc-dims=\"1\" src=\"https:\/\/i0.wp.com\/expertosenparquet.com\/w\/wp-content\/uploads\/2020\/01\/expertos-en-parquet-mejores-instaladores-empresa-huelva.jpg?resize=300%2C400&#038;ssl=1\" width=\"300\" height=\"400\" border=\"0\" data-original-height=\"1599\" data-original-width=\"1200\" \/><\/a><\/span><\/div><div class=\"separator\" style=\"clear: both; text-align: center;\"><span style=\"color: #000000;\"><a style=\"margin-left: 1em; margin-right: 1em; color: #000000;\" href=\"https:\/\/i0.wp.com\/1.bp.blogspot.com\/-m0hZANXbKsI\/XiQEMIBAByI\/AAAAAAAAFfY\/uvr-w1EgZAIZrwj1fvRKTAPlqsMxExBuQCEwYBhgL\/s1600\/lijar-suelo-eucalipto-huelva-sevilla.jpg?ssl=1\"><img loading=\"lazy\" decoding=\"async\" data-recalc-dims=\"1\" src=\"https:\/\/i0.wp.com\/expertosenparquet.com\/w\/wp-content\/uploads\/2020\/01\/lijar-suelo-eucalipto-huelva-sevilla.jpg?resize=400%2C300&#038;ssl=1\" width=\"400\" height=\"300\" border=\"0\" data-original-height=\"1200\" data-original-width=\"1600\" \/><\/a><\/span><\/div><div class=\"separator\" style=\"clear: both; text-align: center;\"><span style=\"color: #000000;\"><a style=\"margin-left: 1em; margin-right: 1em; color: #000000;\" href=\"https:\/\/i0.wp.com\/1.bp.blogspot.com\/-qYSpAwFCyvQ\/XiQEMsTw-HI\/AAAAAAAAFfU\/nnqhwsETqEIRUGm4ecgO9zDrvTFDLf4FgCEwYBhgL\/s1600\/parquet-barniz-satinado-huelva-sevilla.jpg?ssl=1\"><img loading=\"lazy\" decoding=\"async\" data-recalc-dims=\"1\" src=\"https:\/\/i0.wp.com\/expertosenparquet.com\/w\/wp-content\/uploads\/2020\/01\/parquet-barniz-satinado-huelva-sevilla.jpg?resize=400%2C300&#038;ssl=1\" width=\"400\" height=\"300\" border=\"0\" data-original-height=\"900\" data-original-width=\"1200\" \/><\/a><\/span><\/div><div style=\"text-align: justify;\">\u00a0<\/div><div style=\"text-align: justify;\">\u00a0<\/div>\t\t\t\t\t\t\t\t<\/div>\n\t\t\t\t<\/div>\n\t\t\t\t\t<\/div>\n\t\t<\/div>\n\t\t\t\t\t<\/div>\n\t\t<\/section>\n\t\t\t\t<\/div>\n\t\t","protected":false},"excerpt":{"rendered":"<p>En esta ocasi\u00f3n, emprendemos el camino inverso al que desafortunadamente, se est\u00e1 llevando a cabo actualmente con los suelos de madera, y que consiste en taparlo con otro tipo de material; una aberraci\u00f3n.\u00a0Nos encontramos una habitaci\u00f3n con un lamparquet de eucalipto rojo de cincuenta a\u00f1os de antig\u00fcedad el cual, hace unos veinticinco a\u00f1os y tras &hellip; <\/p>\n<p class=\"link-more\"><a href=\"https:\/\/expertosenparquet.com\/w\/2020\/01\/restauracion-parquet-tapado-moqueta-encima.html\" class=\"more-link\">Continuar leyendo<span class=\"screen-reader-text\"> \u00abRestauraci\u00f3n de un suelo de parquet tapado por moqueta\u00bb<\/span><\/a><\/p>\n","protected":false},"author":1,"featured_media":0,"comment_status":"open","ping_status":"closed","sticky":false,"template":"","format":"standard","meta":{"_jetpack_memberships_contains_paid_content":false,"footnotes":""},"categories":[736],"tags":[48,49,50,51,52,53,54,55,56,57,30,58,59,60,61,62],"class_list":["post-537","post","type-post","status-publish","format-standard","hentry","category-suelos-madera-parquet","tag-acuchillar","tag-agua","tag-barniz","tag-deva","tag-empresa","tag-encima","tag-eucalipto-rojo","tag-huelva","tag-lijar","tag-moqueta","tag-parquet","tag-poliuretano","tag-quide","tag-quitar","tag-sevilla","tag-transit-plus"],"yoast_head":"<!-- This site is optimized with the Yoast SEO plugin v27.4 - https:\/\/yoast.com\/product\/yoast-seo-wordpress\/ -->\n<title>Restauraci\u00f3n de un suelo de parquet tapado por moqueta<\/title>\n<meta name=\"description\" content=\"Proceso de restauraci\u00f3n consistente en retirada de moqueta, acuchillado de parquet existente y porterior barnizado\" \/>\n<meta name=\"robots\" content=\"index, follow, max-snippet:-1, max-image-preview:large, max-video-preview:-1\" \/>\n<link rel=\"canonical\" href=\"https:\/\/expertosenparquet.com\/w\/2020\/01\/restauracion-parquet-tapado-moqueta-encima.html\" \/>\n<meta property=\"og:locale\" content=\"es_ES\" \/>\n<meta property=\"og:type\" content=\"article\" \/>\n<meta property=\"og:title\" content=\"Restauraci\u00f3n de un suelo de parquet tapado por moqueta\" \/>\n<meta property=\"og:description\" content=\"Proceso de restauraci\u00f3n consistente en retirada de moqueta, acuchillado de parquet existente y porterior barnizado\" \/>\n<meta property=\"og:url\" content=\"https:\/\/expertosenparquet.com\/w\/2020\/01\/restauracion-parquet-tapado-moqueta-encima.html\" \/>\n<meta property=\"og:site_name\" content=\"\u25b7Expertos En Parquet\u00ae\u2192Parquet y Tarimas en Huelva y Sevilla \u3010Acuchillados\u3011\" \/>\n<meta property=\"article:publisher\" content=\"https:\/\/www.facebook.com\/ExpertosEnParquetPagina\/\" \/>\n<meta property=\"article:published_time\" content=\"2020-01-19T07:34:00+00:00\" \/>\n<meta property=\"article:modified_time\" content=\"2020-04-25T11:57:12+00:00\" \/>\n<meta property=\"og:image\" content=\"https:\/\/expertosenparquet.com\/w\/wp-content\/uploads\/2020\/01\/moqueta2Bpegada2Bsobre2Bsuelo2Bde2Bparquet.jpg\" \/>\n<meta name=\"author\" content=\"Nar Mart\u00edn\" \/>\n<meta name=\"twitter:card\" content=\"summary_large_image\" \/>\n<meta name=\"twitter:label1\" content=\"Escrito por\" \/>\n\t<meta name=\"twitter:data1\" content=\"Nar Mart\u00edn\" \/>\n\t<meta name=\"twitter:label2\" content=\"Tiempo de lectura\" \/>\n\t<meta name=\"twitter:data2\" content=\"2 minutos\" \/>\n<script type=\"application\/ld+json\" class=\"yoast-schema-graph\">{\"@context\":\"https:\\\/\\\/schema.org\",\"@graph\":[{\"@type\":\"Article\",\"@id\":\"https:\\\/\\\/expertosenparquet.com\\\/w\\\/2020\\\/01\\\/restauracion-parquet-tapado-moqueta-encima.html#article\",\"isPartOf\":{\"@id\":\"https:\\\/\\\/expertosenparquet.com\\\/w\\\/2020\\\/01\\\/restauracion-parquet-tapado-moqueta-encima.html\"},\"author\":{\"name\":\"Nar Mart\u00edn\",\"@id\":\"https:\\\/\\\/expertosenparquet.com\\\/w\\\/#\\\/schema\\\/person\\\/da516a8c87eab50f106fea4a61e92115\"},\"headline\":\"Restauraci\u00f3n de un suelo de parquet tapado por moqueta\",\"datePublished\":\"2020-01-19T07:34:00+00:00\",\"dateModified\":\"2020-04-25T11:57:12+00:00\",\"mainEntityOfPage\":{\"@id\":\"https:\\\/\\\/expertosenparquet.com\\\/w\\\/2020\\\/01\\\/restauracion-parquet-tapado-moqueta-encima.html\"},\"wordCount\":318,\"commentCount\":4,\"publisher\":{\"@id\":\"https:\\\/\\\/expertosenparquet.com\\\/w\\\/#organization\"},\"image\":{\"@id\":\"https:\\\/\\\/expertosenparquet.com\\\/w\\\/2020\\\/01\\\/restauracion-parquet-tapado-moqueta-encima.html#primaryimage\"},\"thumbnailUrl\":\"https:\\\/\\\/expertosenparquet.com\\\/w\\\/wp-content\\\/uploads\\\/2020\\\/01\\\/moqueta2Bpegada2Bsobre2Bsuelo2Bde2Bparquet.jpg\",\"keywords\":[\"acuchillar\",\"agua\",\"barniz\",\"Deva\",\"empresa\",\"encima\",\"eucalipto rojo\",\"Huelva\",\"lijar\",\"moqueta\",\"parquet\",\"poliuretano\",\"Quide\",\"quitar\",\"sevilla\",\"Transit Plus\"],\"articleSection\":[\"Suelos de madera | Parquet\"],\"inLanguage\":\"es\",\"potentialAction\":[{\"@type\":\"CommentAction\",\"name\":\"Comment\",\"target\":[\"https:\\\/\\\/expertosenparquet.com\\\/w\\\/2020\\\/01\\\/restauracion-parquet-tapado-moqueta-encima.html#respond\"]}]},{\"@type\":\"WebPage\",\"@id\":\"https:\\\/\\\/expertosenparquet.com\\\/w\\\/2020\\\/01\\\/restauracion-parquet-tapado-moqueta-encima.html\",\"url\":\"https:\\\/\\\/expertosenparquet.com\\\/w\\\/2020\\\/01\\\/restauracion-parquet-tapado-moqueta-encima.html\",\"name\":\"Restauraci\u00f3n de un suelo de parquet tapado por moqueta\",\"isPartOf\":{\"@id\":\"https:\\\/\\\/expertosenparquet.com\\\/w\\\/#website\"},\"primaryImageOfPage\":{\"@id\":\"https:\\\/\\\/expertosenparquet.com\\\/w\\\/2020\\\/01\\\/restauracion-parquet-tapado-moqueta-encima.html#primaryimage\"},\"image\":{\"@id\":\"https:\\\/\\\/expertosenparquet.com\\\/w\\\/2020\\\/01\\\/restauracion-parquet-tapado-moqueta-encima.html#primaryimage\"},\"thumbnailUrl\":\"https:\\\/\\\/expertosenparquet.com\\\/w\\\/wp-content\\\/uploads\\\/2020\\\/01\\\/moqueta2Bpegada2Bsobre2Bsuelo2Bde2Bparquet.jpg\",\"datePublished\":\"2020-01-19T07:34:00+00:00\",\"dateModified\":\"2020-04-25T11:57:12+00:00\",\"description\":\"Proceso de restauraci\u00f3n consistente en retirada de moqueta, acuchillado de parquet existente y porterior barnizado\",\"breadcrumb\":{\"@id\":\"https:\\\/\\\/expertosenparquet.com\\\/w\\\/2020\\\/01\\\/restauracion-parquet-tapado-moqueta-encima.html#breadcrumb\"},\"inLanguage\":\"es\",\"potentialAction\":[{\"@type\":\"ReadAction\",\"target\":[\"https:\\\/\\\/expertosenparquet.com\\\/w\\\/2020\\\/01\\\/restauracion-parquet-tapado-moqueta-encima.html\"]}]},{\"@type\":\"ImageObject\",\"inLanguage\":\"es\",\"@id\":\"https:\\\/\\\/expertosenparquet.com\\\/w\\\/2020\\\/01\\\/restauracion-parquet-tapado-moqueta-encima.html#primaryimage\",\"url\":\"https:\\\/\\\/i0.wp.com\\\/expertosenparquet.com\\\/w\\\/wp-content\\\/uploads\\\/2020\\\/01\\\/moqueta2Bpegada2Bsobre2Bsuelo2Bde2Bparquet.jpg?fit=400%2C225&ssl=1\",\"contentUrl\":\"https:\\\/\\\/i0.wp.com\\\/expertosenparquet.com\\\/w\\\/wp-content\\\/uploads\\\/2020\\\/01\\\/moqueta2Bpegada2Bsobre2Bsuelo2Bde2Bparquet.jpg?fit=400%2C225&ssl=1\",\"width\":400,\"height\":225},{\"@type\":\"BreadcrumbList\",\"@id\":\"https:\\\/\\\/expertosenparquet.com\\\/w\\\/2020\\\/01\\\/restauracion-parquet-tapado-moqueta-encima.html#breadcrumb\",\"itemListElement\":[{\"@type\":\"ListItem\",\"position\":1,\"name\":\"Home\",\"item\":\"https:\\\/\\\/expertosenparquet.com\\\/w\\\/\"},{\"@type\":\"ListItem\",\"position\":2,\"name\":\"Restauraci\u00f3n de un suelo de parquet tapado por moqueta\"}]},{\"@type\":\"WebSite\",\"@id\":\"https:\\\/\\\/expertosenparquet.com\\\/w\\\/#website\",\"url\":\"https:\\\/\\\/expertosenparquet.com\\\/w\\\/\",\"name\":\"\u25b7Expertos En Parquet\u00ae\u2192Parquet y Tarimas en Huelva y Sevilla \u3010Acuchillados\u3011\",\"description\":\"Empresa especializada en la venta, instalaci\u00f3n y reparaci\u00f3n de  suelos de parquet, tarimas flotantes,  laminados, vin\u00edlicos LVT, WPC, SPC y PVC, pegados, clavados o flotantes. Acuchillamos y pulimos suelos de parquet.Trabajamos las principales marcas: Finfloor, Quick-Step, Baltic Wood, Poliface, Meister, Egger, Disfloor-Top, Gold-Laminate, Nature Floors, Tauro Floor, Vallifloor en Huelva, Sevilla, Madrid, Barcelona, Ayamonte, Aljaraque, Cartaya, Lepe, Islantilla, Bollullos del Condado, La Palma del Condado, El Rompido, Punta Umbr\u00eda, El Portil, La Monacilla, Bellavista, Isla Cristina, Aracena, Jabugo, Moguer, Isla Canera, Punta del Moral, Mazag\u00f3n, Palos De La Frontera...\",\"publisher\":{\"@id\":\"https:\\\/\\\/expertosenparquet.com\\\/w\\\/#organization\"},\"potentialAction\":[{\"@type\":\"SearchAction\",\"target\":{\"@type\":\"EntryPoint\",\"urlTemplate\":\"https:\\\/\\\/expertosenparquet.com\\\/w\\\/?s={search_term_string}\"},\"query-input\":{\"@type\":\"PropertyValueSpecification\",\"valueRequired\":true,\"valueName\":\"search_term_string\"}}],\"inLanguage\":\"es\"},{\"@type\":\"Organization\",\"@id\":\"https:\\\/\\\/expertosenparquet.com\\\/w\\\/#organization\",\"name\":\"Expertos en Parquet\",\"url\":\"https:\\\/\\\/expertosenparquet.com\\\/w\\\/\",\"logo\":{\"@type\":\"ImageObject\",\"inLanguage\":\"es\",\"@id\":\"https:\\\/\\\/expertosenparquet.com\\\/w\\\/#\\\/schema\\\/logo\\\/image\\\/\",\"url\":\"https:\\\/\\\/i0.wp.com\\\/expertosenparquet.com\\\/w\\\/wp-content\\\/uploads\\\/2020\\\/03\\\/cropped-Logo-expertos-mini-fondo-1.png?fit=1363%2C250&ssl=1\",\"contentUrl\":\"https:\\\/\\\/i0.wp.com\\\/expertosenparquet.com\\\/w\\\/wp-content\\\/uploads\\\/2020\\\/03\\\/cropped-Logo-expertos-mini-fondo-1.png?fit=1363%2C250&ssl=1\",\"width\":1363,\"height\":250,\"caption\":\"Expertos en Parquet\"},\"image\":{\"@id\":\"https:\\\/\\\/expertosenparquet.com\\\/w\\\/#\\\/schema\\\/logo\\\/image\\\/\"},\"sameAs\":[\"https:\\\/\\\/www.facebook.com\\\/ExpertosEnParquetPagina\\\/\"]},{\"@type\":\"Person\",\"@id\":\"https:\\\/\\\/expertosenparquet.com\\\/w\\\/#\\\/schema\\\/person\\\/da516a8c87eab50f106fea4a61e92115\",\"name\":\"Nar Mart\u00edn\",\"image\":{\"@type\":\"ImageObject\",\"inLanguage\":\"es\",\"@id\":\"https:\\\/\\\/secure.gravatar.com\\\/avatar\\\/c9869867b925a3d8d595731f2d64e94637970f5f9e7065134c04fda1bf668833?s=96&d=mm&r=g\",\"url\":\"https:\\\/\\\/secure.gravatar.com\\\/avatar\\\/c9869867b925a3d8d595731f2d64e94637970f5f9e7065134c04fda1bf668833?s=96&d=mm&r=g\",\"contentUrl\":\"https:\\\/\\\/secure.gravatar.com\\\/avatar\\\/c9869867b925a3d8d595731f2d64e94637970f5f9e7065134c04fda1bf668833?s=96&d=mm&r=g\",\"caption\":\"Nar Mart\u00edn\"},\"description\":\"Creador y fundador de Expertos en Parquet T\u00e9cnico especialista en suelos de madera I.T. Inform\u00e1tico Asociaci\u00f3n de Profesionales del Parquet, Tarimas, Laminados y PVC de Espa\u00f1a (APP)\"}]}<\/script>\n<!-- \/ Yoast SEO plugin. -->","yoast_head_json":{"title":"Restauraci\u00f3n de un suelo de parquet tapado por moqueta","description":"Proceso de restauraci\u00f3n consistente en retirada de moqueta, acuchillado de parquet existente y porterior barnizado","robots":{"index":"index","follow":"follow","max-snippet":"max-snippet:-1","max-image-preview":"max-image-preview:large","max-video-preview":"max-video-preview:-1"},"canonical":"https:\/\/expertosenparquet.com\/w\/2020\/01\/restauracion-parquet-tapado-moqueta-encima.html","og_locale":"es_ES","og_type":"article","og_title":"Restauraci\u00f3n de un suelo de parquet tapado por moqueta","og_description":"Proceso de restauraci\u00f3n consistente en retirada de moqueta, acuchillado de parquet existente y porterior barnizado","og_url":"https:\/\/expertosenparquet.com\/w\/2020\/01\/restauracion-parquet-tapado-moqueta-encima.html","og_site_name":"\u25b7Expertos En Parquet\u00ae\u2192Parquet y Tarimas en Huelva y Sevilla \u3010Acuchillados\u3011","article_publisher":"https:\/\/www.facebook.com\/ExpertosEnParquetPagina\/","article_published_time":"2020-01-19T07:34:00+00:00","article_modified_time":"2020-04-25T11:57:12+00:00","og_image":[{"url":"https:\/\/expertosenparquet.com\/w\/wp-content\/uploads\/2020\/01\/moqueta2Bpegada2Bsobre2Bsuelo2Bde2Bparquet.jpg","type":"","width":"","height":""}],"author":"Nar Mart\u00edn","twitter_card":"summary_large_image","twitter_misc":{"Escrito por":"Nar Mart\u00edn","Tiempo de lectura":"2 minutos"},"schema":{"@context":"https:\/\/schema.org","@graph":[{"@type":"Article","@id":"https:\/\/expertosenparquet.com\/w\/2020\/01\/restauracion-parquet-tapado-moqueta-encima.html#article","isPartOf":{"@id":"https:\/\/expertosenparquet.com\/w\/2020\/01\/restauracion-parquet-tapado-moqueta-encima.html"},"author":{"name":"Nar Mart\u00edn","@id":"https:\/\/expertosenparquet.com\/w\/#\/schema\/person\/da516a8c87eab50f106fea4a61e92115"},"headline":"Restauraci\u00f3n de un suelo de parquet tapado por moqueta","datePublished":"2020-01-19T07:34:00+00:00","dateModified":"2020-04-25T11:57:12+00:00","mainEntityOfPage":{"@id":"https:\/\/expertosenparquet.com\/w\/2020\/01\/restauracion-parquet-tapado-moqueta-encima.html"},"wordCount":318,"commentCount":4,"publisher":{"@id":"https:\/\/expertosenparquet.com\/w\/#organization"},"image":{"@id":"https:\/\/expertosenparquet.com\/w\/2020\/01\/restauracion-parquet-tapado-moqueta-encima.html#primaryimage"},"thumbnailUrl":"https:\/\/expertosenparquet.com\/w\/wp-content\/uploads\/2020\/01\/moqueta2Bpegada2Bsobre2Bsuelo2Bde2Bparquet.jpg","keywords":["acuchillar","agua","barniz","Deva","empresa","encima","eucalipto rojo","Huelva","lijar","moqueta","parquet","poliuretano","Quide","quitar","sevilla","Transit Plus"],"articleSection":["Suelos de madera | Parquet"],"inLanguage":"es","potentialAction":[{"@type":"CommentAction","name":"Comment","target":["https:\/\/expertosenparquet.com\/w\/2020\/01\/restauracion-parquet-tapado-moqueta-encima.html#respond"]}]},{"@type":"WebPage","@id":"https:\/\/expertosenparquet.com\/w\/2020\/01\/restauracion-parquet-tapado-moqueta-encima.html","url":"https:\/\/expertosenparquet.com\/w\/2020\/01\/restauracion-parquet-tapado-moqueta-encima.html","name":"Restauraci\u00f3n de un suelo de parquet tapado por moqueta","isPartOf":{"@id":"https:\/\/expertosenparquet.com\/w\/#website"},"primaryImageOfPage":{"@id":"https:\/\/expertosenparquet.com\/w\/2020\/01\/restauracion-parquet-tapado-moqueta-encima.html#primaryimage"},"image":{"@id":"https:\/\/expertosenparquet.com\/w\/2020\/01\/restauracion-parquet-tapado-moqueta-encima.html#primaryimage"},"thumbnailUrl":"https:\/\/expertosenparquet.com\/w\/wp-content\/uploads\/2020\/01\/moqueta2Bpegada2Bsobre2Bsuelo2Bde2Bparquet.jpg","datePublished":"2020-01-19T07:34:00+00:00","dateModified":"2020-04-25T11:57:12+00:00","description":"Proceso de restauraci\u00f3n consistente en retirada de moqueta, acuchillado de parquet existente y porterior barnizado","breadcrumb":{"@id":"https:\/\/expertosenparquet.com\/w\/2020\/01\/restauracion-parquet-tapado-moqueta-encima.html#breadcrumb"},"inLanguage":"es","potentialAction":[{"@type":"ReadAction","target":["https:\/\/expertosenparquet.com\/w\/2020\/01\/restauracion-parquet-tapado-moqueta-encima.html"]}]},{"@type":"ImageObject","inLanguage":"es","@id":"https:\/\/expertosenparquet.com\/w\/2020\/01\/restauracion-parquet-tapado-moqueta-encima.html#primaryimage","url":"https:\/\/i0.wp.com\/expertosenparquet.com\/w\/wp-content\/uploads\/2020\/01\/moqueta2Bpegada2Bsobre2Bsuelo2Bde2Bparquet.jpg?fit=400%2C225&ssl=1","contentUrl":"https:\/\/i0.wp.com\/expertosenparquet.com\/w\/wp-content\/uploads\/2020\/01\/moqueta2Bpegada2Bsobre2Bsuelo2Bde2Bparquet.jpg?fit=400%2C225&ssl=1","width":400,"height":225},{"@type":"BreadcrumbList","@id":"https:\/\/expertosenparquet.com\/w\/2020\/01\/restauracion-parquet-tapado-moqueta-encima.html#breadcrumb","itemListElement":[{"@type":"ListItem","position":1,"name":"Home","item":"https:\/\/expertosenparquet.com\/w\/"},{"@type":"ListItem","position":2,"name":"Restauraci\u00f3n de un suelo de parquet tapado por moqueta"}]},{"@type":"WebSite","@id":"https:\/\/expertosenparquet.com\/w\/#website","url":"https:\/\/expertosenparquet.com\/w\/","name":"\u25b7Expertos En Parquet\u00ae\u2192Parquet y Tarimas en Huelva y Sevilla \u3010Acuchillados\u3011","description":"Empresa especializada en la venta, instalaci\u00f3n y reparaci\u00f3n de  suelos de parquet, tarimas flotantes,  laminados, vin\u00edlicos LVT, WPC, SPC y PVC, pegados, clavados o flotantes. Acuchillamos y pulimos suelos de parquet.Trabajamos las principales marcas: Finfloor, Quick-Step, Baltic Wood, Poliface, Meister, Egger, Disfloor-Top, Gold-Laminate, Nature Floors, Tauro Floor, Vallifloor en Huelva, Sevilla, Madrid, Barcelona, Ayamonte, Aljaraque, Cartaya, Lepe, Islantilla, Bollullos del Condado, La Palma del Condado, El Rompido, Punta Umbr\u00eda, El Portil, La Monacilla, Bellavista, Isla Cristina, Aracena, Jabugo, Moguer, Isla Canera, Punta del Moral, Mazag\u00f3n, Palos De La Frontera...","publisher":{"@id":"https:\/\/expertosenparquet.com\/w\/#organization"},"potentialAction":[{"@type":"SearchAction","target":{"@type":"EntryPoint","urlTemplate":"https:\/\/expertosenparquet.com\/w\/?s={search_term_string}"},"query-input":{"@type":"PropertyValueSpecification","valueRequired":true,"valueName":"search_term_string"}}],"inLanguage":"es"},{"@type":"Organization","@id":"https:\/\/expertosenparquet.com\/w\/#organization","name":"Expertos en Parquet","url":"https:\/\/expertosenparquet.com\/w\/","logo":{"@type":"ImageObject","inLanguage":"es","@id":"https:\/\/expertosenparquet.com\/w\/#\/schema\/logo\/image\/","url":"https:\/\/i0.wp.com\/expertosenparquet.com\/w\/wp-content\/uploads\/2020\/03\/cropped-Logo-expertos-mini-fondo-1.png?fit=1363%2C250&ssl=1","contentUrl":"https:\/\/i0.wp.com\/expertosenparquet.com\/w\/wp-content\/uploads\/2020\/03\/cropped-Logo-expertos-mini-fondo-1.png?fit=1363%2C250&ssl=1","width":1363,"height":250,"caption":"Expertos en Parquet"},"image":{"@id":"https:\/\/expertosenparquet.com\/w\/#\/schema\/logo\/image\/"},"sameAs":["https:\/\/www.facebook.com\/ExpertosEnParquetPagina\/"]},{"@type":"Person","@id":"https:\/\/expertosenparquet.com\/w\/#\/schema\/person\/da516a8c87eab50f106fea4a61e92115","name":"Nar Mart\u00edn","image":{"@type":"ImageObject","inLanguage":"es","@id":"https:\/\/secure.gravatar.com\/avatar\/c9869867b925a3d8d595731f2d64e94637970f5f9e7065134c04fda1bf668833?s=96&d=mm&r=g","url":"https:\/\/secure.gravatar.com\/avatar\/c9869867b925a3d8d595731f2d64e94637970f5f9e7065134c04fda1bf668833?s=96&d=mm&r=g","contentUrl":"https:\/\/secure.gravatar.com\/avatar\/c9869867b925a3d8d595731f2d64e94637970f5f9e7065134c04fda1bf668833?s=96&d=mm&r=g","caption":"Nar Mart\u00edn"},"description":"Creador y fundador de Expertos en Parquet T\u00e9cnico especialista en suelos de madera I.T. Inform\u00e1tico Asociaci\u00f3n de Profesionales del Parquet, Tarimas, Laminados y PVC de Espa\u00f1a (APP)"}]}},"jetpack_featured_media_url":"","jetpack_sharing_enabled":true,"_links":{"self":[{"href":"https:\/\/expertosenparquet.com\/w\/wp-json\/wp\/v2\/posts\/537","targetHints":{"allow":["GET"]}}],"collection":[{"href":"https:\/\/expertosenparquet.com\/w\/wp-json\/wp\/v2\/posts"}],"about":[{"href":"https:\/\/expertosenparquet.com\/w\/wp-json\/wp\/v2\/types\/post"}],"author":[{"embeddable":true,"href":"https:\/\/expertosenparquet.com\/w\/wp-json\/wp\/v2\/users\/1"}],"replies":[{"embeddable":true,"href":"https:\/\/expertosenparquet.com\/w\/wp-json\/wp\/v2\/comments?post=537"}],"version-history":[{"count":11,"href":"https:\/\/expertosenparquet.com\/w\/wp-json\/wp\/v2\/posts\/537\/revisions"}],"predecessor-version":[{"id":1232,"href":"https:\/\/expertosenparquet.com\/w\/wp-json\/wp\/v2\/posts\/537\/revisions\/1232"}],"wp:attachment":[{"href":"https:\/\/expertosenparquet.com\/w\/wp-json\/wp\/v2\/media?parent=537"}],"wp:term":[{"taxonomy":"category","embeddable":true,"href":"https:\/\/expertosenparquet.com\/w\/wp-json\/wp\/v2\/categories?post=537"},{"taxonomy":"post_tag","embeddable":true,"href":"https:\/\/expertosenparquet.com\/w\/wp-json\/wp\/v2\/tags?post=537"}],"curies":[{"name":"wp","href":"https:\/\/api.w.org\/{rel}","templated":true}]}}